{"id":2496,"date":"2023-12-18T11:03:47","date_gmt":"2023-12-18T09:03:47","guid":{"rendered":"https:\/\/korvalaanen.fi\/?p=2496"},"modified":"2025-01-23T19:18:23","modified_gmt":"2025-01-23T17:18:23","slug":"joulunaika","status":"publish","type":"post","link":"https:\/\/korvalaanen.fi\/de\/ajankohtaista\/joulunaika\/","title":{"rendered":"Joulunaika"},"content":{"rendered":"<p>Janne sai lent\u00e4v\u00e4n alun myllyll\u00e4 ja iso kiitos siit\u00e4 kaikille\u00b8\u008f on tullut aika rauhoittua joulunaikaan ja mylly py\u00f6rii viel\u00e4 maanantaina ja tiistaina. Joululoma on 20.12.23- 9.1.24 viel\u00e4 siis kerke\u00e4t poiketa myllyll\u00e4 ja muuten on pehtoorilla muutama kauralyhdekkin sielt\u00e4 myyd\u00e4 mukaan<\/p>","protected":false},"excerpt":{"rendered":"<p>Janne sai lent\u00e4v\u00e4n alun myllyll\u00e4 ja iso kiitos siit\u00e4 kaikille\u00b8\u008f [&hellip;]<\/p>\n","protected":false},"author":8,"featured_media":2497,"comment_status":"open","ping_status":"open","sticky":false,"template":"","format":"standard","meta":{"slim_seo":{"title":"Joulunaika - Korvalaanen","description":"Janne sai lent\u00e4v\u00e4n alun myllyll\u00e4 ja iso kiitos siit\u00e4 kaikille\u00b8\u008f on tullut aika rauhoittua joulunaikaan ja mylly py\u00f6rii viel\u00e4 maanantaina ja tiistaina. Joululoma"},"footnotes":""},"categories":[47],"tags":[],"class_list":["post-2496","post","type-post","status-publish","format-standard","has-post-thumbnail","hentry","category-ajankohtaista"],"_links":{"self":[{"href":"https:\/\/korvalaanen.fi\/de\/wp-json\/wp\/v2\/posts\/2496","targetHints":{"allow":["GET"]}}],"collection":[{"href":"https:\/\/korvalaanen.fi\/de\/wp-json\/wp\/v2\/posts"}],"about":[{"href":"https:\/\/korvalaanen.fi\/de\/wp-json\/wp\/v2\/types\/post"}],"author":[{"embeddable":true,"href":"https:\/\/korvalaanen.fi\/de\/wp-json\/wp\/v2\/users\/8"}],"replies":[{"embeddable":true,"href":"https:\/\/korvalaanen.fi\/de\/wp-json\/wp\/v2\/comments?post=2496"}],"version-history":[{"count":3,"href":"https:\/\/korvalaanen.fi\/de\/wp-json\/wp\/v2\/posts\/2496\/revisions"}],"predecessor-version":[{"id":3195,"href":"https:\/\/korvalaanen.fi\/de\/wp-json\/wp\/v2\/posts\/2496\/revisions\/3195"}],"wp:featuredmedia":[{"embeddable":true,"href":"https:\/\/korvalaanen.fi\/de\/wp-json\/wp\/v2\/media\/2497"}],"wp:attachment":[{"href":"https:\/\/korvalaanen.fi\/de\/wp-json\/wp\/v2\/media?parent=2496"}],"wp:term":[{"taxonomy":"category","embeddable":true,"href":"https:\/\/korvalaanen.fi\/de\/wp-json\/wp\/v2\/categories?post=2496"},{"taxonomy":"post_tag","embeddable":true,"href":"https:\/\/korvalaanen.fi\/de\/wp-json\/wp\/v2\/tags?post=2496"}],"curies":[{"name":"wp","href":"https:\/\/api.w.org\/{rel}","templated":true}]}}