{"id":2751,"date":"2024-05-10T15:46:26","date_gmt":"2024-05-10T12:46:26","guid":{"rendered":"https:\/\/korvalaanen.fi\/?p=2751"},"modified":"2025-01-23T19:13:14","modified_gmt":"2025-01-23T17:13:14","slug":"uusi-kaffila-museonmaella","status":"publish","type":"post","link":"https:\/\/korvalaanen.fi\/de\/ajankohtaista\/uusi-kaffila-museonmaella\/","title":{"rendered":"Uusi kaffila museonm\u00e4ell\u00e4"},"content":{"rendered":"<p>Loppukiri\u00e4 museonm\u00e4ell\u00e4! Uutta on tulossa ja kes\u00e4kuussa ovet avataan! Kaffila korvapuusti muuttaa p\u00e4\u00e4rakennuksesta navettahan! Lattiat ja sein\u00e4t ovat jo valmiina. Keitti\u00f6 edistyy ja tila on upea!!!<\/p>\r\n\r\n\r\n\r\n<p><a href=\"https:\/\/korvalaanen.fi\/de\/yhteystiedot\/#korvapuusti\">Kaffilan osoite<\/a><\/p>\r\n\r\n\r\n\r\n<figure class=\"wp-block-gallery has-nested-images columns-4 is-cropped wp-block-gallery-1 is-layout-flex wp-block-gallery-is-layout-flex\">\r\n<figure class=\"wp-block-image size-large\"><a href=\"https:\/\/korvalaanen.fi\/wp-content\/uploads\/2024\/05\/uusi-kaffila-museonmaella_2.jpg\" target=\"_blank\" rel=\"noopener\"><img fetchpriority=\"high\" decoding=\"async\" width=\"462\" height=\"1024\" data-id=\"2753\" class=\"wp-image-2753\" src=\"https:\/\/korvalaanen.fi\/wp-content\/uploads\/2024\/05\/uusi-kaffila-museonmaella_2-462x1024.jpg\" alt=\"\" srcset=\"https:\/\/korvalaanen.fi\/wp-content\/uploads\/2024\/05\/uusi-kaffila-museonmaella_2-462x1024.jpg 462w, https:\/\/korvalaanen.fi\/wp-content\/uploads\/2024\/05\/uusi-kaffila-museonmaella_2-135x300.jpg 135w, https:\/\/korvalaanen.fi\/wp-content\/uploads\/2024\/05\/uusi-kaffila-museonmaella_2-768x1704.jpg 768w, https:\/\/korvalaanen.fi\/wp-content\/uploads\/2024\/05\/uusi-kaffila-museonmaella_2-692x1536.jpg 692w, https:\/\/korvalaanen.fi\/wp-content\/uploads\/2024\/05\/uusi-kaffila-museonmaella_2-600x1331.jpg 600w, https:\/\/korvalaanen.fi\/wp-content\/uploads\/2024\/05\/uusi-kaffila-museonmaella_2.jpg 923w\" sizes=\"(max-width: 462px) 100vw, 462px\" \/><\/a><\/figure>\r\n\r\n\r\n\r\n<figure class=\"wp-block-image size-large\"><a href=\"https:\/\/korvalaanen.fi\/wp-content\/uploads\/2024\/05\/uusi-kaffila-museonmaella_3.jpg\" target=\"_blank\" rel=\"noopener\"><img decoding=\"async\" width=\"768\" height=\"1024\" data-id=\"2756\" class=\"wp-image-2756\" src=\"https:\/\/korvalaanen.fi\/wp-content\/uploads\/2024\/05\/uusi-kaffila-museonmaella_3-768x1024.jpg\" alt=\"\" srcset=\"https:\/\/korvalaanen.fi\/wp-content\/uploads\/2024\/05\/uusi-kaffila-museonmaella_3-768x1024.jpg 768w, https:\/\/korvalaanen.fi\/wp-content\/uploads\/2024\/05\/uusi-kaffila-museonmaella_3-225x300.jpg 225w, https:\/\/korvalaanen.fi\/wp-content\/uploads\/2024\/05\/uusi-kaffila-museonmaella_3-1152x1536.jpg 1152w, https:\/\/korvalaanen.fi\/wp-content\/uploads\/2024\/05\/uusi-kaffila-museonmaella_3-600x800.jpg 600w, https:\/\/korvalaanen.fi\/wp-content\/uploads\/2024\/05\/uusi-kaffila-museonmaella_3.jpg 1536w\" sizes=\"(max-width: 768px) 100vw, 768px\" \/><\/a><\/figure>\r\n\r\n\r\n\r\n<figure class=\"wp-block-image size-large\"><a href=\"https:\/\/korvalaanen.fi\/wp-content\/uploads\/2024\/05\/uusi-kaffila-museonmaella_1.jpg\" target=\"_blank\" rel=\"noopener\"><img decoding=\"async\" width=\"577\" height=\"1024\" data-id=\"2755\" class=\"wp-image-2755\" src=\"https:\/\/korvalaanen.fi\/wp-content\/uploads\/2024\/05\/uusi-kaffila-museonmaella_1-577x1024.jpg\" alt=\"\" srcset=\"https:\/\/korvalaanen.fi\/wp-content\/uploads\/2024\/05\/uusi-kaffila-museonmaella_1-577x1024.jpg 577w, https:\/\/korvalaanen.fi\/wp-content\/uploads\/2024\/05\/uusi-kaffila-museonmaella_1-169x300.jpg 169w, https:\/\/korvalaanen.fi\/wp-content\/uploads\/2024\/05\/uusi-kaffila-museonmaella_1-768x1364.jpg 768w, https:\/\/korvalaanen.fi\/wp-content\/uploads\/2024\/05\/uusi-kaffila-museonmaella_1-865x1536.jpg 865w, https:\/\/korvalaanen.fi\/wp-content\/uploads\/2024\/05\/uusi-kaffila-museonmaella_1-600x1066.jpg 600w, https:\/\/korvalaanen.fi\/wp-content\/uploads\/2024\/05\/uusi-kaffila-museonmaella_1.jpg 1153w\" sizes=\"(max-width: 577px) 100vw, 577px\" \/><\/a><\/figure>\r\n\r\n\r\n\r\n<figure class=\"wp-block-image size-large\"><a href=\"https:\/\/korvalaanen.fi\/wp-content\/uploads\/2024\/05\/uusi-kaffila-museonmaella_4.jpg\" target=\"_blank\" rel=\"noopener\"><img loading=\"lazy\" decoding=\"async\" width=\"338\" height=\"600\" data-id=\"2754\" class=\"wp-image-2754\" src=\"https:\/\/korvalaanen.fi\/wp-content\/uploads\/2024\/05\/uusi-kaffila-museonmaella_4.jpg\" alt=\"\" srcset=\"https:\/\/korvalaanen.fi\/wp-content\/uploads\/2024\/05\/uusi-kaffila-museonmaella_4.jpg 338w, https:\/\/korvalaanen.fi\/wp-content\/uploads\/2024\/05\/uusi-kaffila-museonmaella_4-169x300.jpg 169w\" sizes=\"(max-width: 338px) 100vw, 338px\" \/><\/a><\/figure>\r\n<\/figure>","protected":false},"excerpt":{"rendered":"<p>Loppukiri\u00e4 museonm\u00e4ell\u00e4! Uutta on tulossa ja kes\u00e4kuussa ovet avataan! Kaffila [&hellip;]<\/p>\n","protected":false},"author":8,"featured_media":2752,"comment_status":"closed","ping_status":"closed","sticky":false,"template":"","format":"standard","meta":{"slim_seo":{"title":"Uusi kaffila museonm\u00e4ell\u00e4 - Korvalaanen","description":"Loppukiri\u00e4 museonm\u00e4ell\u00e4! Uutta on tulossa ja kes\u00e4kuussa ovet avataan! Kaffila korvapuusti muuttaa p\u00e4\u00e4rakennuksesta navettahan! Lattiat ja sein\u00e4t ovat jo valmiin"},"footnotes":""},"categories":[47],"tags":[56],"class_list":["post-2751","post","type-post","status-publish","format-standard","has-post-thumbnail","hentry","category-ajankohtaista","tag-kaffila"],"_links":{"self":[{"href":"https:\/\/korvalaanen.fi\/de\/wp-json\/wp\/v2\/posts\/2751","targetHints":{"allow":["GET"]}}],"collection":[{"href":"https:\/\/korvalaanen.fi\/de\/wp-json\/wp\/v2\/posts"}],"about":[{"href":"https:\/\/korvalaanen.fi\/de\/wp-json\/wp\/v2\/types\/post"}],"author":[{"embeddable":true,"href":"https:\/\/korvalaanen.fi\/de\/wp-json\/wp\/v2\/users\/8"}],"replies":[{"embeddable":true,"href":"https:\/\/korvalaanen.fi\/de\/wp-json\/wp\/v2\/comments?post=2751"}],"version-history":[{"count":3,"href":"https:\/\/korvalaanen.fi\/de\/wp-json\/wp\/v2\/posts\/2751\/revisions"}],"predecessor-version":[{"id":3187,"href":"https:\/\/korvalaanen.fi\/de\/wp-json\/wp\/v2\/posts\/2751\/revisions\/3187"}],"wp:featuredmedia":[{"embeddable":true,"href":"https:\/\/korvalaanen.fi\/de\/wp-json\/wp\/v2\/media\/2752"}],"wp:attachment":[{"href":"https:\/\/korvalaanen.fi\/de\/wp-json\/wp\/v2\/media?parent=2751"}],"wp:term":[{"taxonomy":"category","embeddable":true,"href":"https:\/\/korvalaanen.fi\/de\/wp-json\/wp\/v2\/categories?post=2751"},{"taxonomy":"post_tag","embeddable":true,"href":"https:\/\/korvalaanen.fi\/de\/wp-json\/wp\/v2\/tags?post=2751"}],"curies":[{"name":"wp","href":"https:\/\/api.w.org\/{rel}","templated":true}]}}