{"id":2762,"date":"2024-05-09T16:18:41","date_gmt":"2024-05-09T13:18:41","guid":{"rendered":"https:\/\/korvalaanen.fi\/?p=2762"},"modified":"2025-01-23T19:13:51","modified_gmt":"2025-01-23T17:13:51","slug":"viherhietikon-kahvila-toukokuussa","status":"publish","type":"post","link":"https:\/\/korvalaanen.fi\/de\/ajankohtaista\/viherhietikon-kahvila-toukokuussa\/","title":{"rendered":"Viherhietikon kahvila toukokuussa"},"content":{"rendered":"<p>Korvalaasen em\u00e4nn\u00e4n l\u00f6yt\u00e4\u00e4 <a href=\"https:\/\/viherhietikko.fi\/\">ViherHietikon<\/a> Ihanasta myym\u00e4l\u00e4st\u00e4 kurikassa toukokuussa. Pop-up Punaasen tuvan kes\u00e4kahvila\u00b8 ja on korvapuustia, kuivakakkuja, kaffia ja tietysti ihanien kukkien keskell\u00e4!<\/p>\r\n\r\n\r\n\r\n<p>Kahvila on auki:<br \/><strong>Perjantaina 10.5. klo 11-17<br \/>Lauantaina 11.5. 11-15<br \/>Sunnuntaina 12.5. 11-15<\/strong><\/p>\r\n\r\n\r\n\r\n<p>Tervetuloa kaffille ja taimiostoksille<\/p>","protected":false},"excerpt":{"rendered":"<p>Korvalaasen em\u00e4nn\u00e4n l\u00f6yt\u00e4\u00e4 ViherHietikon Ihanasta myym\u00e4l\u00e4st\u00e4 kurikassa toukokuussa. Pop-up Punaasen [&hellip;]<\/p>\n","protected":false},"author":8,"featured_media":2763,"comment_status":"closed","ping_status":"closed","sticky":false,"template":"","format":"standard","meta":{"slim_seo":{"title":"Viherhietikon kahvila toukokuussa - Korvalaanen","description":"Korvalaasen em\u00e4nn\u00e4n l\u00f6yt\u00e4\u00e4 ViherHietikon Ihanasta myym\u00e4l\u00e4st\u00e4 kurikassa toukokuussa. Pop-up Punaasen tuvan kes\u00e4kahvila\u00b8 ja on korvapuustia, kuivakakkuja, kaffia"},"footnotes":""},"categories":[47],"tags":[56],"class_list":["post-2762","post","type-post","status-publish","format-standard","has-post-thumbnail","hentry","category-ajankohtaista","tag-kaffila"],"_links":{"self":[{"href":"https:\/\/korvalaanen.fi\/de\/wp-json\/wp\/v2\/posts\/2762","targetHints":{"allow":["GET"]}}],"collection":[{"href":"https:\/\/korvalaanen.fi\/de\/wp-json\/wp\/v2\/posts"}],"about":[{"href":"https:\/\/korvalaanen.fi\/de\/wp-json\/wp\/v2\/types\/post"}],"author":[{"embeddable":true,"href":"https:\/\/korvalaanen.fi\/de\/wp-json\/wp\/v2\/users\/8"}],"replies":[{"embeddable":true,"href":"https:\/\/korvalaanen.fi\/de\/wp-json\/wp\/v2\/comments?post=2762"}],"version-history":[{"count":2,"href":"https:\/\/korvalaanen.fi\/de\/wp-json\/wp\/v2\/posts\/2762\/revisions"}],"predecessor-version":[{"id":3188,"href":"https:\/\/korvalaanen.fi\/de\/wp-json\/wp\/v2\/posts\/2762\/revisions\/3188"}],"wp:featuredmedia":[{"embeddable":true,"href":"https:\/\/korvalaanen.fi\/de\/wp-json\/wp\/v2\/media\/2763"}],"wp:attachment":[{"href":"https:\/\/korvalaanen.fi\/de\/wp-json\/wp\/v2\/media?parent=2762"}],"wp:term":[{"taxonomy":"category","embeddable":true,"href":"https:\/\/korvalaanen.fi\/de\/wp-json\/wp\/v2\/categories?post=2762"},{"taxonomy":"post_tag","embeddable":true,"href":"https:\/\/korvalaanen.fi\/de\/wp-json\/wp\/v2\/tags?post=2762"}],"curies":[{"name":"wp","href":"https:\/\/api.w.org\/{rel}","templated":true}]}}