{"id":2874,"date":"2024-09-15T19:09:04","date_gmt":"2024-09-15T16:09:04","guid":{"rendered":"https:\/\/korvalaanen.fi\/?p=2874"},"modified":"2025-01-23T18:49:17","modified_gmt":"2025-01-23T16:49:17","slug":"yli-lauroselan-syysmarkkinat","status":"publish","type":"post","link":"https:\/\/korvalaanen.fi\/de\/ajankohtaista\/yli-lauroselan-syysmarkkinat\/","title":{"rendered":"Yli-Lauroselan syysmarkkinat"},"content":{"rendered":"<p>Yli-Lauroselan syysmarkkinat 2024 Kiitos!!<\/p>\r\n\r\n\r\n\r\n<p>On em\u00e4t\u00e4 aika poikki ja is\u00e4nt\u00e4\u00e4kin sain juoksuttaa!! Kyll\u00e4h\u00e4n te ootte tehneet ikimuistoisen kes\u00e4 Yli-Lauroselan talomuseolla meille yritt\u00e4jille!! Kiitos<\/p>\r\n<p>Me ollahan ny hetken ja huilitahan, toki Is\u00e4t\u00e4 huomenna starttaa auton aamulla Yl\u00f6j\u00e4rvelle ja Entisajan Myllyn koneet k\u00e4ynnistyy! Mutta Kaffila korvapuustissa ny hetkeksi hiljennyt\u00e4\u00e4. Ja ehk\u00e4 me vi\u00e4 kerran kaffitetaan ennen talvia??<\/p>\r\n\r\n\r\n\r\n<p>Meid\u00e4n jauhot, ryynit ja hiutaleet my\u00f6s <a href=\"https:\/\/korvalaanen.fi\/de\/\" target=\"_blank\" rel=\"noreferrer noopener\">www.korvalaanen.fi<\/a><\/p>","protected":false},"excerpt":{"rendered":"<p>Yli-Lauroselan syysmarkkinat 2024 Kiitos!! On em\u00e4t\u00e4 aika poikki ja is\u00e4nt\u00e4\u00e4kin [&hellip;]<\/p>\n","protected":false},"author":8,"featured_media":2875,"comment_status":"closed","ping_status":"closed","sticky":false,"template":"","format":"standard","meta":{"slim_seo":{"title":"Yli-Lauroselan syysmarkkinat - Korvalaanen","description":"Yli-Lauroselan syysmarkkinat 2024 Kiitos!! On em\u00e4t\u00e4 aika poikki ja is\u00e4nt\u00e4\u00e4kin sain juoksuttaa!! Kyll\u00e4h\u00e4n te ootte tehneet ikimuistoisen kes\u00e4 Yli-Lauroselan talo"},"footnotes":""},"categories":[47],"tags":[],"class_list":["post-2874","post","type-post","status-publish","format-standard","has-post-thumbnail","hentry","category-ajankohtaista"],"_links":{"self":[{"href":"https:\/\/korvalaanen.fi\/de\/wp-json\/wp\/v2\/posts\/2874","targetHints":{"allow":["GET"]}}],"collection":[{"href":"https:\/\/korvalaanen.fi\/de\/wp-json\/wp\/v2\/posts"}],"about":[{"href":"https:\/\/korvalaanen.fi\/de\/wp-json\/wp\/v2\/types\/post"}],"author":[{"embeddable":true,"href":"https:\/\/korvalaanen.fi\/de\/wp-json\/wp\/v2\/users\/8"}],"replies":[{"embeddable":true,"href":"https:\/\/korvalaanen.fi\/de\/wp-json\/wp\/v2\/comments?post=2874"}],"version-history":[{"count":4,"href":"https:\/\/korvalaanen.fi\/de\/wp-json\/wp\/v2\/posts\/2874\/revisions"}],"predecessor-version":[{"id":3175,"href":"https:\/\/korvalaanen.fi\/de\/wp-json\/wp\/v2\/posts\/2874\/revisions\/3175"}],"wp:featuredmedia":[{"embeddable":true,"href":"https:\/\/korvalaanen.fi\/de\/wp-json\/wp\/v2\/media\/2875"}],"wp:attachment":[{"href":"https:\/\/korvalaanen.fi\/de\/wp-json\/wp\/v2\/media?parent=2874"}],"wp:term":[{"taxonomy":"category","embeddable":true,"href":"https:\/\/korvalaanen.fi\/de\/wp-json\/wp\/v2\/categories?post=2874"},{"taxonomy":"post_tag","embeddable":true,"href":"https:\/\/korvalaanen.fi\/de\/wp-json\/wp\/v2\/tags?post=2874"}],"curies":[{"name":"wp","href":"https:\/\/api.w.org\/{rel}","templated":true}]}}