{"id":2883,"date":"2024-09-08T19:19:29","date_gmt":"2024-09-08T16:19:29","guid":{"rendered":"https:\/\/korvalaanen.fi\/?p=2883"},"modified":"2025-01-23T19:08:43","modified_gmt":"2025-01-23T17:08:43","slug":"lahiruokapaiva-viikonloppu-takana","status":"publish","type":"post","link":"https:\/\/korvalaanen.fi\/de\/ajankohtaista\/lahiruokapaiva-viikonloppu-takana\/","title":{"rendered":"L\u00e4hiruokap\u00e4iv\u00e4 viikonloppu takana"},"content":{"rendered":"\r\n<p>On mukava n\u00e4h\u00e4r\u00e4, ett\u00e4 l\u00e4hiruokap\u00e4iv\u00e4 on t\u00e4rke\u00e4 ja se saa ihmiset liikkeelle <img decoding=\"async\" src=\"https:\/\/static.xx.fbcdn.net\/images\/emoji.php\/v9\/t6c\/1\/16\/2764.png\" alt=\"\u00e2\u009d\u00a4\u00ef\u00b8\u008f\" width=\"16\" height=\"16\" \/> parasta on kuulla palautetta ja kiitosta tehdyst\u00e4 ty\u00f6st\u00e4. Monelle tuottajalle ne kiitokset tuovat iloa pitkiin ja raskaisiin p\u00e4iviin, mill\u00e4 jaksaa puurtaa eteenp\u00e4in. Kiitos kaikille vieraille ja kiitos meid\u00e4n l\u00e4hialueen tuottajille! Yhteisty\u00f6 on voimaa ja aivan huikeaa on kehitt\u00e4\u00e4 laadukasta ruokaa l\u00e4hituottajien kanssa!<\/p>\r\n\r\n\r\n\r\n<p>Tehd\u00e4\u00e4n jatkossakin valintoja, mill\u00e4 l\u00e4hituottajia tuetaan ja saadaan sy\u00f6d\u00e4 puhdasta kotimaista ruokaa.<\/p>\r\n\r\n\r\n\r\n<p>Ensiviikolla sunnuntaina maalaismarkkinat <a href=\"https:\/\/www.facebook.com\/YliLauroselanTalomuseo?__cft__[0]=AZVfUKRpi_uo3MiY0eetV2HARYhTeCw1t321i8vqCrfEC-jdwXDck-DS2igl3H1TJ-47oj96kHL1Dzy2DtJwqYkVJONxbKVk6t_mSn7lwJUBq5AGi24esKtmbFYVGXtnfJGt4q4ISw7x75LhhUzL8pfaw0mLqX-0Nvv0p9QDCxpb5128bu-_x49kh8R6CI2s-uTY5j3lKfIjQqKIhGPMBXr3_pHXckktNqMnB_qCmqhRTA&amp;__tn__=-]K-R\">Yli-Lauroselan talomuseo<\/a> 15.9 n\u00e4h\u00e4r\u00e4h\u00e4n <img decoding=\"async\" src=\"https:\/\/static.xx.fbcdn.net\/images\/emoji.php\/v9\/t25\/1\/16\/1fae1.png\" alt=\"\u00f0\u0178\u00ab\u00a1\" width=\"16\" height=\"16\" \/><\/p>\r\n","protected":false},"excerpt":{"rendered":"<p>On mukava n\u00e4h\u00e4r\u00e4, ett\u00e4 l\u00e4hiruokap\u00e4iv\u00e4 on t\u00e4rke\u00e4 ja se saa [&hellip;]<\/p>\n","protected":false},"author":8,"featured_media":2884,"comment_status":"closed","ping_status":"closed","sticky":false,"template":"","format":"standard","meta":{"slim_seo":{"title":"L\u00e4hiruokap\u00e4iv\u00e4 viikonloppu takana - Korvalaanen","description":"On mukava n\u00e4h\u00e4r\u00e4, ett\u00e4 l\u00e4hiruokap\u00e4iv\u00e4 on t\u00e4rke\u00e4 ja se saa ihmiset liikkeelle parasta on kuulla palautetta ja kiitosta tehdyst\u00e4 ty\u00f6st\u00e4. Monelle tuottajalle ne ki"},"footnotes":""},"categories":[47],"tags":[],"class_list":["post-2883","post","type-post","status-publish","format-standard","has-post-thumbnail","hentry","category-ajankohtaista"],"_links":{"self":[{"href":"https:\/\/korvalaanen.fi\/de\/wp-json\/wp\/v2\/posts\/2883","targetHints":{"allow":["GET"]}}],"collection":[{"href":"https:\/\/korvalaanen.fi\/de\/wp-json\/wp\/v2\/posts"}],"about":[{"href":"https:\/\/korvalaanen.fi\/de\/wp-json\/wp\/v2\/types\/post"}],"author":[{"embeddable":true,"href":"https:\/\/korvalaanen.fi\/de\/wp-json\/wp\/v2\/users\/8"}],"replies":[{"embeddable":true,"href":"https:\/\/korvalaanen.fi\/de\/wp-json\/wp\/v2\/comments?post=2883"}],"version-history":[{"count":2,"href":"https:\/\/korvalaanen.fi\/de\/wp-json\/wp\/v2\/posts\/2883\/revisions"}],"predecessor-version":[{"id":3180,"href":"https:\/\/korvalaanen.fi\/de\/wp-json\/wp\/v2\/posts\/2883\/revisions\/3180"}],"wp:featuredmedia":[{"embeddable":true,"href":"https:\/\/korvalaanen.fi\/de\/wp-json\/wp\/v2\/media\/2884"}],"wp:attachment":[{"href":"https:\/\/korvalaanen.fi\/de\/wp-json\/wp\/v2\/media?parent=2883"}],"wp:term":[{"taxonomy":"category","embeddable":true,"href":"https:\/\/korvalaanen.fi\/de\/wp-json\/wp\/v2\/categories?post=2883"},{"taxonomy":"post_tag","embeddable":true,"href":"https:\/\/korvalaanen.fi\/de\/wp-json\/wp\/v2\/tags?post=2883"}],"curies":[{"name":"wp","href":"https:\/\/api.w.org\/{rel}","templated":true}]}}