{"id":2886,"date":"2024-09-05T19:27:17","date_gmt":"2024-09-05T16:27:17","guid":{"rendered":"https:\/\/korvalaanen.fi\/?p=2886"},"modified":"2025-01-23T19:10:00","modified_gmt":"2025-01-23T17:10:00","slug":"yrittajanpaivaa","status":"publish","type":"post","link":"https:\/\/korvalaanen.fi\/de\/ajankohtaista\/yrittajanpaivaa\/","title":{"rendered":"Yritt\u00e4j\u00e4np\u00e4iv\u00e4\u00e4"},"content":{"rendered":"<p>T\u00e4st\u00e4 se meir\u00e4n tie yritt\u00e4jyytehen l\u00e4hti! Kauralyhteemme sitoi yhteen, ollahan nyt 5 vuotta kuljettu ja koskaan emm\u00e4 oo toisille vi\u00e4 oltu pahalla p\u00e4\u00e4ll\u00e4. Ei sill\u00e4, otta t\u00e4m\u00e4 olis helppoa, tai kultakaivos. Vaan samalla huumorilla ja taharon voimalla teher\u00e4h\u00e4n aina parhaamme. Hikip\u00e4\u00e4ss\u00e4 saamme joka leiv\u00e4nmuruhun teher\u00e4 tuplaten t\u00f6it\u00e4 ja siltik\u00e4\u00e4n ei ole kes\u00e4lomia, syyslomia tai joululomia. Ei keriit\u00e4 hypp\u00e4j\u00e4m\u00e4h\u00e4n kylill\u00e4 tai kaveriilla, mutta onneksi monet yst\u00e4vist\u00e4 ymm\u00e4rt\u00e4\u00e4 tulla itte kyl\u00e4h\u00e4n Parahin sosiaaliel\u00e4m\u00e4h\u00e4n koostuukin teist\u00e4 asiakkaista ja siit\u00e4 moomma onnellisia! Ilman teit\u00e4 ei ois meit\u00e4. Me yritt\u00e4j\u00e4t yritet\u00e4h\u00e4n ja halutaan teher\u00e4 omasta maasta parasta antia teille! Kovasti taharotahan perinteit\u00e4 vier\u00e4 sukupolvelta toiselle ja ennenkaikkea pit\u00e4\u00e4 suomalaisen puhtaan ruuan tasoa korkealla ja ennenkaikkea, jotta sen saa oman maan maanviljelij\u00e4t teher\u00e4! Kiitos kiitos ja kiitos<\/p>","protected":false},"excerpt":{"rendered":"<p>T\u00e4st\u00e4 se meir\u00e4n tie yritt\u00e4jyytehen l\u00e4hti! Kauralyhteemme sitoi yhteen, ollahan [&hellip;]<\/p>\n","protected":false},"author":8,"featured_media":2887,"comment_status":"closed","ping_status":"closed","sticky":false,"template":"","format":"standard","meta":{"slim_seo":{"title":"Yritt\u00e4j\u00e4np\u00e4iv\u00e4\u00e4 - Korvalaanen","description":"T\u00e4st\u00e4 se meir\u00e4n tie yritt\u00e4jyytehen l\u00e4hti! Kauralyhteemme sitoi yhteen, ollahan nyt 5 vuotta kuljettu ja koskaan emm\u00e4 oo toisille vi\u00e4 oltu pahalla p\u00e4\u00e4ll\u00e4. Ei sil"},"footnotes":""},"categories":[47],"tags":[],"class_list":["post-2886","post","type-post","status-publish","format-standard","has-post-thumbnail","hentry","category-ajankohtaista"],"_links":{"self":[{"href":"https:\/\/korvalaanen.fi\/de\/wp-json\/wp\/v2\/posts\/2886","targetHints":{"allow":["GET"]}}],"collection":[{"href":"https:\/\/korvalaanen.fi\/de\/wp-json\/wp\/v2\/posts"}],"about":[{"href":"https:\/\/korvalaanen.fi\/de\/wp-json\/wp\/v2\/types\/post"}],"author":[{"embeddable":true,"href":"https:\/\/korvalaanen.fi\/de\/wp-json\/wp\/v2\/users\/8"}],"replies":[{"embeddable":true,"href":"https:\/\/korvalaanen.fi\/de\/wp-json\/wp\/v2\/comments?post=2886"}],"version-history":[{"count":3,"href":"https:\/\/korvalaanen.fi\/de\/wp-json\/wp\/v2\/posts\/2886\/revisions"}],"predecessor-version":[{"id":3182,"href":"https:\/\/korvalaanen.fi\/de\/wp-json\/wp\/v2\/posts\/2886\/revisions\/3182"}],"wp:featuredmedia":[{"embeddable":true,"href":"https:\/\/korvalaanen.fi\/de\/wp-json\/wp\/v2\/media\/2887"}],"wp:attachment":[{"href":"https:\/\/korvalaanen.fi\/de\/wp-json\/wp\/v2\/media?parent=2886"}],"wp:term":[{"taxonomy":"category","embeddable":true,"href":"https:\/\/korvalaanen.fi\/de\/wp-json\/wp\/v2\/categories?post=2886"},{"taxonomy":"post_tag","embeddable":true,"href":"https:\/\/korvalaanen.fi\/de\/wp-json\/wp\/v2\/tags?post=2886"}],"curies":[{"name":"wp","href":"https:\/\/api.w.org\/{rel}","templated":true}]}}