{"id":2899,"date":"2024-08-16T19:58:05","date_gmt":"2024-08-16T16:58:05","guid":{"rendered":"https:\/\/korvalaanen.fi\/?p=2899"},"modified":"2025-01-23T19:11:12","modified_gmt":"2025-01-23T17:11:12","slug":"jokos-oot-maistanut","status":"publish","type":"post","link":"https:\/\/korvalaanen.fi\/de\/ajankohtaista\/jokos-oot-maistanut\/","title":{"rendered":"Jokos oot maistanut?"},"content":{"rendered":"\r\n<p>Joko oot maistanut korvalaasen ja entisajan myllyn hiutaleita, ryyni\u00e4 tai jauhoja?<\/p>\r\n<p>Me valmistamme alusta loppuun tuotteemme itse. Maatilamme on Koskenkorvalla ja osan viljelemme Isossakyr\u00f6ss\u00e4 is\u00e4nn\u00e4n synnynmmailla. Entisajan mylly sijaitsee Yl\u00f6j\u00e4rvell\u00e4 ja me k\u00e4ymme t\u00f6iss\u00e4 lakeuksilta p\u00e4ivitt\u00e4in pirkanmaalla. Myllymme palvelee my\u00f6s monia luomutilallisia ja jauhatamme, my\u00f6s heille heid\u00e4n satoaan. Ty\u00f6 on t\u00e4rke\u00e4\u00e4, kun myllyjen m\u00e4\u00e4r\u00e4 on Suomessa todella pieni. On my\u00f6s ihanaa huomata, kuinka arvostus aitoon tuotteisiin on her\u00e4nnyt. Meid\u00e4n myllyll\u00e4 ei tunneta jauhoparanteita.<\/p>\r\n<p>Moni tila tuskailee t\u00e4m\u00e4n p\u00e4iv\u00e4n menossa ja kyll\u00e4 se leip\u00e4 on ty\u00f6ll\u00e4 ja hiell\u00e4 meill\u00e4kin. On todella t\u00e4rke\u00e4\u00e4, ett\u00e4 te tuotte l\u00e4hiruokaa ja l\u00e4hituottajia. Ilman teit\u00e4 ei mylly py\u00f6risi eik\u00e4 vilja pellolla kasvaisi.<\/p>\r\n<p>Olisiko siis aika maistaa myllyntuoretta jauhoa leivonnassa tai hiutaleita puurossa?<\/p>\r\n<p>Puuro miehen tiell\u00e4 pit\u00e4\u00e4 ja velli kaataa ojaha!<\/p>\r\n<p>Nettimyymm\u00e4l\u00e4ss\u00e4 on meir\u00e4n tarinaa lis\u00e4\u00e4kin ja sielt\u00e4 saa ymp\u00e4ri Suomea tilattua tuoreet tuotteet kotiin!<\/p>\r\n<p>Kiitos, ett\u00e4 tuette ja maistat palaa aitoa suomalaista<\/p>\r\n<p><img decoding=\"async\" src=\"https:\/\/static.xx.fbcdn.net\/images\/emoji.php\/v9\/t18\/1\/16\/1f69c.png\" alt=\"\u00f0\u0178\u0161\u0153\" width=\"16\" height=\"16\" \/><\/p>\r\n\r\n\r\n\r\n<p><a href=\"https:\/\/l.facebook.com\/l.php?u=http%3A%2F%2FWww.korvalaanen.fi%2F%3Ffbclid%3DIwZXh0bgNhZW0CMTAAAR1KK-FAw4nxjemeOk9U7_EDdoSeEaqzxORdxOyTqC3l-J7Yd0d4uI-vJBM_aem_0RB_xSsr-WZX6vYxBGsjwQ&amp;h=AT2YO9_juduja91qnlSdG9rwtN64q4bJj3nWoKrGsHS1BlcL5tFiMh9L5AQmVKHgrVBE8hkxLP_e1r2RU9IY8CrrQtNWcfxbccWiW7MocbflKWebDrr1oUUsTA&amp;__tn__=-UK-R&amp;c[0]=AT3lkHx1Fe0GiPfZ7me64EJ0bWxGFVdJTjih2tGOTEyvxHuRd4rClF_eCAJGL1qA0T4QnPawWX5e_ri-X3tR6G3ZhMTqf84KjlBJLcqON40GUHGzqd5885UnuLv3uBXh6IzCIwsGP22p5Y60dgXEy6RnjWzXw9Tf6EBr_E9fo1L79E6j7uBPGdrYM0ZFWWK3lXl3uZlfNeOY8y-WLbK3ZRLrFwtp0gwDT749PI4jJf94Ipzmoandpw\" target=\"_blank\" rel=\"noreferrer noopener\">Www.korvalaanen.fi<\/a><\/p>\r\n\r\n\r\n\r\n<p>&nbsp;<\/p>\r\n","protected":false},"excerpt":{"rendered":"<p>Joko oot maistanut korvalaasen ja entisajan myllyn hiutaleita, ryyni\u00e4 tai [&hellip;]<\/p>\n","protected":false},"author":8,"featured_media":1559,"comment_status":"closed","ping_status":"closed","sticky":false,"template":"","format":"standard","meta":{"slim_seo":{"title":"Jokos oot maistanut? - Korvalaanen","description":"Joko oot maistanut korvalaasen ja entisajan myllyn hiutaleita, ryyni\u00e4 tai jauhoja? Me valmistamme alusta loppuun tuotteemme itse. Maatilamme on Koskenkorvalla j"},"footnotes":""},"categories":[47],"tags":[],"class_list":["post-2899","post","type-post","status-publish","format-standard","has-post-thumbnail","hentry","category-ajankohtaista"],"_links":{"self":[{"href":"https:\/\/korvalaanen.fi\/de\/wp-json\/wp\/v2\/posts\/2899","targetHints":{"allow":["GET"]}}],"collection":[{"href":"https:\/\/korvalaanen.fi\/de\/wp-json\/wp\/v2\/posts"}],"about":[{"href":"https:\/\/korvalaanen.fi\/de\/wp-json\/wp\/v2\/types\/post"}],"author":[{"embeddable":true,"href":"https:\/\/korvalaanen.fi\/de\/wp-json\/wp\/v2\/users\/8"}],"replies":[{"embeddable":true,"href":"https:\/\/korvalaanen.fi\/de\/wp-json\/wp\/v2\/comments?post=2899"}],"version-history":[{"count":3,"href":"https:\/\/korvalaanen.fi\/de\/wp-json\/wp\/v2\/posts\/2899\/revisions"}],"predecessor-version":[{"id":3183,"href":"https:\/\/korvalaanen.fi\/de\/wp-json\/wp\/v2\/posts\/2899\/revisions\/3183"}],"wp:featuredmedia":[{"embeddable":true,"href":"https:\/\/korvalaanen.fi\/de\/wp-json\/wp\/v2\/media\/1559"}],"wp:attachment":[{"href":"https:\/\/korvalaanen.fi\/de\/wp-json\/wp\/v2\/media?parent=2899"}],"wp:term":[{"taxonomy":"category","embeddable":true,"href":"https:\/\/korvalaanen.fi\/de\/wp-json\/wp\/v2\/categories?post=2899"},{"taxonomy":"post_tag","embeddable":true,"href":"https:\/\/korvalaanen.fi\/de\/wp-json\/wp\/v2\/tags?post=2899"}],"curies":[{"name":"wp","href":"https:\/\/api.w.org\/{rel}","templated":true}]}}