{"id":3555,"date":"2025-05-21T12:08:49","date_gmt":"2025-05-21T09:08:49","guid":{"rendered":"https:\/\/korvalaanen.fi\/?p=3555"},"modified":"2025-06-10T12:11:57","modified_gmt":"2025-06-10T09:11:57","slug":"myllari-on-pellolla","status":"publish","type":"post","link":"https:\/\/korvalaanen.fi\/de\/ajankohtaista\/myllari-on-pellolla\/","title":{"rendered":"Myll\u00e4ri on pellolla!"},"content":{"rendered":"<p>Myll\u00e4ri on pellolla! Entisajan Myllyl\u00e4 Yl\u00f6j\u00e4rvell\u00e4 on rauhallisempaa, kun on t\u00e4m\u00e4 aika vuodesta. Peltoty\u00f6t ja uuden sadon kylv\u00e4minen etela-pohjanmaalakeuksilla. Mutta onhan se antoisaa, kun rakkaudella kylv\u00e4\u00e4 ja vartoo pellon ,josta syksyll\u00e4 sitten uutta mustakauraa toivottavasti saadaan runsaasti puida. Sitten on taas tulevaksi vuodeksi jyvi\u00e4, mist\u00e4 jauhetaan parhaimmat aamupuuro f\u00e4rkit!<\/p>","protected":false},"excerpt":{"rendered":"<p>Myll\u00e4ri on pellolla! Entisajan Myllyl\u00e4 Yl\u00f6j\u00e4rvell\u00e4 on rauhallisempaa, kun on [&hellip;]<\/p>\n","protected":false},"author":8,"featured_media":3556,"comment_status":"closed","ping_status":"closed","sticky":false,"template":"","format":"standard","meta":{"slim_seo":{"title":"Myll\u00e4ri on pellolla! - Korvalaanen","description":"Myll\u00e4ri on pellolla! Entisajan Myllyl\u00e4 Yl\u00f6j\u00e4rvell\u00e4 on rauhallisempaa, kun on t\u00e4m\u00e4 aika vuodesta. Peltoty\u00f6t ja uuden sadon kylv\u00e4minen etela-pohjanmaalakeuksilla."},"footnotes":""},"categories":[47],"tags":[84,41],"class_list":["post-3555","post","type-post","status-publish","format-standard","has-post-thumbnail","hentry","category-ajankohtaista","tag-kylvo","tag-mustakaurahiutale"],"_links":{"self":[{"href":"https:\/\/korvalaanen.fi\/de\/wp-json\/wp\/v2\/posts\/3555","targetHints":{"allow":["GET"]}}],"collection":[{"href":"https:\/\/korvalaanen.fi\/de\/wp-json\/wp\/v2\/posts"}],"about":[{"href":"https:\/\/korvalaanen.fi\/de\/wp-json\/wp\/v2\/types\/post"}],"author":[{"embeddable":true,"href":"https:\/\/korvalaanen.fi\/de\/wp-json\/wp\/v2\/users\/8"}],"replies":[{"embeddable":true,"href":"https:\/\/korvalaanen.fi\/de\/wp-json\/wp\/v2\/comments?post=3555"}],"version-history":[{"count":1,"href":"https:\/\/korvalaanen.fi\/de\/wp-json\/wp\/v2\/posts\/3555\/revisions"}],"predecessor-version":[{"id":3557,"href":"https:\/\/korvalaanen.fi\/de\/wp-json\/wp\/v2\/posts\/3555\/revisions\/3557"}],"wp:featuredmedia":[{"embeddable":true,"href":"https:\/\/korvalaanen.fi\/de\/wp-json\/wp\/v2\/media\/3556"}],"wp:attachment":[{"href":"https:\/\/korvalaanen.fi\/de\/wp-json\/wp\/v2\/media?parent=3555"}],"wp:term":[{"taxonomy":"category","embeddable":true,"href":"https:\/\/korvalaanen.fi\/de\/wp-json\/wp\/v2\/categories?post=3555"},{"taxonomy":"post_tag","embeddable":true,"href":"https:\/\/korvalaanen.fi\/de\/wp-json\/wp\/v2\/tags?post=3555"}],"curies":[{"name":"wp","href":"https:\/\/api.w.org\/{rel}","templated":true}]}}