{"id":3605,"date":"2025-07-23T10:36:12","date_gmt":"2025-07-23T07:36:12","guid":{"rendered":"https:\/\/korvalaanen.fi\/?p=3605"},"modified":"2025-07-28T10:41:32","modified_gmt":"2025-07-28T07:41:32","slug":"yhteensidotut","status":"publish","type":"post","link":"https:\/\/korvalaanen.fi\/de\/ajankohtaista\/yhteensidotut\/","title":{"rendered":"Yhteensidotut"},"content":{"rendered":"<p>Ensitreffeill\u00e4 me l\u00f6ydettiin ittesitoja. Viikko siit\u00e4 meille syntyi ajatus korvalaanen oy:st\u00e4. Se sitoi yhteen,kun kauralyhteen \u2764\ufe0f<br>Kolme vuotta naimisissa ja nyt oma sato menee ymp\u00e4ri maailmaa itse kasvattaen, Entisajan Myllyll\u00e4 perinteit\u00e4 jatkaen sek\u00e4 kunnioittaen. Alusta loppuun asti.<br>H\u00e4\u00e4kuvat vie teid\u00e4t hetkeen, kun maatilamme hallin pohjat oli valettu, mutta katto ja sein\u00e4t viel\u00e4 puuttuivat. Onnea oli hein\u00e4paalit, yst\u00e4v\u00e4t ja perhe. Meill\u00e4 oli ihan huikea hein\u00e4paalihalli ja h\u00e4\u00e4t olivat ikimuistoistoiset omalla tilalla\ud83e\udd70<br>Matkamme jatkuu. Yhteinen p\u00e4\u00e4m\u00e4\u00e4r\u00e4 vaatii meilt\u00e4 ty\u00f6t\u00e4,  hike\u00e4 ja valtavasti ponnisteluja. Mutta meill\u00e4 on toisemme ja rakkaus tehd\u00e4 yhdess\u00e4 maailman parasta Entisajan kaurahiutaleita, ryynien ja jauhojen kera!<br>Te kaikki seuraajamme olette t\u00e4rkein aisia polullamme! Teid\u00e4n ansiosta ollaan jo monien ruokap\u00f6ytiin vakiinnuttu. N\u00f6yr\u00e4 Kiitos kaikille \ud83e\udef6<br>Myllyll\u00e4 py\u00f6r\u00e4t saa py\u00f6ri\u00e4 ja p\u00e4iv\u00e4t ovat todella pitki\u00e4. Koneisto on hyvin pitk\u00e4lti alkuper\u00e4ist\u00e4 ja koneet ovat eritt\u00e4in vanhoja. Se tarkoittaakin, ett\u00e4 ne ovat kest\u00e4vi\u00e4, muttei tarpeheksi tehokkaita. Ja ei me haaveillakkaan mist\u00e4\u00e4n liijan nykyajan h\u00f6mp\u00f6tyksist\u00e4, vaan pienist\u00e4 parannuksista. Sill\u00e4 myllyn historia ja aitous tehd\u00e4 satomme ilman jauhoparanteita tai lis\u00e4-ainta on se meid\u00e4n juttu.<br>Teemme valtavasti t\u00f6it\u00e4,ett\u00e4 voisimme investoida ja kehitt\u00e4\u00e4 ty\u00f6t\u00e4mme eteenp\u00e4in. Teill\u00e4 onkin nyt avainasema auttaa tukemalla kotimaista maataloutta, mustakauran matkaa ja ennenkaikkea jakaa puhtaan kotimaisen ruuan iloa eteenp\u00e4in.<br>www.korvalaanen.fi nettimyymm\u00e4l\u00e4 palvellaan ymp\u00e4ri Suomea ja ulkomaille my\u00f6s onnistuu l\u00e4hett\u00e4minen.<br>Pyyt\u00e4k\u00e4\u00e4 omaan l\u00e4hikauppaan valikoimiin!<br>Ja huikatkaa myyj\u00e4lle,jos tuote on hyllyst\u00e4 loppu.<br>Tilamyymm\u00e4l\u00e4 on kes\u00e4najan Yli-Lauroselan talomuseolla kaffila korvapuustissa. Ehdottomasti aivan huikea kes\u00e4matkakohde! Pohjalainen perinnerakentamisen kunnianosoitus ihanineen taiden\u00e4yttelyineen. Kunnon aikamatka menneisyyteen makujen kera. Auki ke-pe klo11-17 la-su 12-15<br>Entisajan Mylly Yl\u00f6j\u00e4rvell\u00e4 auki j\u00e4lleen elokuussa.<br>Meilt\u00e4 my\u00f6s tilattavissa isompia eri\u00e4 leipomoihin, hotelleihin, ravintoloihin ym.<br>Otahan rohkeasti yhteytt\u00e4 \ud83e\udee1<br>Kiitos ,ett\u00e4 ootte meid\u00e4n f\u00f6ljyss\u00e4 \ud83d\ude4f<\/p>\n\n\n\n<p><\/p>\n\n\n<div class=\"gb-container gb-container-63b55473\">\n\n<figure class=\"wp-block-gallery has-nested-images columns-default wp-block-gallery-1 is-layout-flex wp-block-gallery-is-layout-flex\">\n<figure data-wp-context=\"{&quot;imageId&quot;:&quot;69f1feba28aaf&quot;}\" data-wp-interactive=\"core\/image\" data-wp-key=\"69f1feba28aaf\" class=\"wp-block-image size-large wp-lightbox-container\"><img fetchpriority=\"high\" decoding=\"async\" width=\"768\" height=\"1024\" data-wp-class--hide=\"state.isContentHidden\" data-wp-class--show=\"state.isContentVisible\" data-wp-init=\"callbacks.setButtonStyles\" data-wp-on--click=\"actions.showLightbox\" data-wp-on--load=\"callbacks.setButtonStyles\" data-wp-on-window--resize=\"callbacks.setButtonStyles\" data-id=\"3607\" src=\"https:\/\/korvalaanen.fi\/wp-content\/uploads\/2025\/07\/yhteensidotut_2-768x1024.jpg\" alt=\"Yhteensidotut 2\" class=\"wp-image-3607\" srcset=\"https:\/\/korvalaanen.fi\/wp-content\/uploads\/2025\/07\/yhteensidotut_2-768x1024.jpg 768w, https:\/\/korvalaanen.fi\/wp-content\/uploads\/2025\/07\/yhteensidotut_2-225x300.jpg 225w, https:\/\/korvalaanen.fi\/wp-content\/uploads\/2025\/07\/yhteensidotut_2-1152x1536.jpg 1152w, https:\/\/korvalaanen.fi\/wp-content\/uploads\/2025\/07\/yhteensidotut_2-9x12.jpg 9w, https:\/\/korvalaanen.fi\/wp-content\/uploads\/2025\/07\/yhteensidotut_2-600x800.jpg 600w, https:\/\/korvalaanen.fi\/wp-content\/uploads\/2025\/07\/yhteensidotut_2.jpg 1200w\" sizes=\"(max-width: 768px) 100vw, 768px\" \/><button\n\t\t\tclass=\"lightbox-trigger\"\n\t\t\ttype=\"button\"\n\t\t\taria-haspopup=\"dialog\"\n\t\t\taria-label=\"Vergr\u00f6\u00dfern\"\n\t\t\tdata-wp-init=\"callbacks.initTriggerButton\"\n\t\t\tdata-wp-on--click=\"actions.showLightbox\"\n\t\t\tdata-wp-style--right=\"state.imageButtonRight\"\n\t\t\tdata-wp-style--top=\"state.imageButtonTop\"\n\t\t>\n\t\t\t<svg xmlns=\"http:\/\/www.w3.org\/2000\/svg\" width=\"12\" height=\"12\" fill=\"none\" viewbox=\"0 0 12 12\">\n\t\t\t\t<path fill=\"#fff\" d=\"M2 0a2 2 0 0 0-2 2v2h1.5V2a.5.5 0 0 1 .5-.5h2V0H2Zm2 10.5H2a.5.5 0 0 1-.5-.5V8H0v2a2 2 0 0 0 2 2h2v-1.5ZM8 12v-1.5h2a.5.5 0 0 0 .5-.5V8H12v2a2 2 0 0 1-2 2H8Zm2-12a2 2 0 0 1 2 2v2h-1.5V2a.5.5 0 0 0-.5-.5H8V0h2Z\" \/>\n\t\t\t<\/svg>\n\t\t<\/button><\/figure>\n\n\n\n<figure data-wp-context=\"{&quot;imageId&quot;:&quot;69f1feba2bca0&quot;}\" data-wp-interactive=\"core\/image\" data-wp-key=\"69f1feba2bca0\" class=\"wp-block-image size-large wp-lightbox-container\"><img decoding=\"async\" width=\"768\" height=\"1024\" data-wp-class--hide=\"state.isContentHidden\" data-wp-class--show=\"state.isContentVisible\" data-wp-init=\"callbacks.setButtonStyles\" data-wp-on--click=\"actions.showLightbox\" data-wp-on--load=\"callbacks.setButtonStyles\" data-wp-on-window--resize=\"callbacks.setButtonStyles\" data-id=\"3608\" src=\"https:\/\/korvalaanen.fi\/wp-content\/uploads\/2025\/07\/yhteensidotut_1-768x1024.jpg\" alt=\"Yhteensidotut 1\" class=\"wp-image-3608\" srcset=\"https:\/\/korvalaanen.fi\/wp-content\/uploads\/2025\/07\/yhteensidotut_1-768x1024.jpg 768w, https:\/\/korvalaanen.fi\/wp-content\/uploads\/2025\/07\/yhteensidotut_1-225x300.jpg 225w, https:\/\/korvalaanen.fi\/wp-content\/uploads\/2025\/07\/yhteensidotut_1-1152x1536.jpg 1152w, https:\/\/korvalaanen.fi\/wp-content\/uploads\/2025\/07\/yhteensidotut_1-9x12.jpg 9w, https:\/\/korvalaanen.fi\/wp-content\/uploads\/2025\/07\/yhteensidotut_1-600x800.jpg 600w, https:\/\/korvalaanen.fi\/wp-content\/uploads\/2025\/07\/yhteensidotut_1.jpg 1500w\" sizes=\"(max-width: 768px) 100vw, 768px\" \/><button\n\t\t\tclass=\"lightbox-trigger\"\n\t\t\ttype=\"button\"\n\t\t\taria-haspopup=\"dialog\"\n\t\t\taria-label=\"Vergr\u00f6\u00dfern\"\n\t\t\tdata-wp-init=\"callbacks.initTriggerButton\"\n\t\t\tdata-wp-on--click=\"actions.showLightbox\"\n\t\t\tdata-wp-style--right=\"state.imageButtonRight\"\n\t\t\tdata-wp-style--top=\"state.imageButtonTop\"\n\t\t>\n\t\t\t<svg xmlns=\"http:\/\/www.w3.org\/2000\/svg\" width=\"12\" height=\"12\" fill=\"none\" viewbox=\"0 0 12 12\">\n\t\t\t\t<path fill=\"#fff\" d=\"M2 0a2 2 0 0 0-2 2v2h1.5V2a.5.5 0 0 1 .5-.5h2V0H2Zm2 10.5H2a.5.5 0 0 1-.5-.5V8H0v2a2 2 0 0 0 2 2h2v-1.5ZM8 12v-1.5h2a.5.5 0 0 0 .5-.5V8H12v2a2 2 0 0 1-2 2H8Zm2-12a2 2 0 0 1 2 2v2h-1.5V2a.5.5 0 0 0-.5-.5H8V0h2Z\" \/>\n\t\t\t<\/svg>\n\t\t<\/button><\/figure>\n<\/figure>\n\n<\/div>","protected":false},"excerpt":{"rendered":"<p>Ensitreffeill\u00e4 me l\u00f6ydettiin ittesitoja. Viikko siit\u00e4 meille syntyi ajatus korvalaanen [&hellip;]<\/p>\n","protected":false},"author":8,"featured_media":3606,"comment_status":"closed","ping_status":"closed","sticky":false,"template":"","format":"standard","meta":{"slim_seo":{"title":"Yhteensidotut - Korvalaanen","description":"Ensitreffeill\u00e4 me l\u00f6ydettiin ittesitoja. Viikko siit\u00e4 meille syntyi ajatus korvalaanen oy:st\u00e4. Se sitoi yhteen,kun kauralyhteen \u2764\ufe0f Kolme vuotta naimisissa ja ny"},"footnotes":""},"categories":[47],"tags":[],"class_list":["post-3605","post","type-post","status-publish","format-standard","has-post-thumbnail","hentry","category-ajankohtaista"],"_links":{"self":[{"href":"https:\/\/korvalaanen.fi\/de\/wp-json\/wp\/v2\/posts\/3605","targetHints":{"allow":["GET"]}}],"collection":[{"href":"https:\/\/korvalaanen.fi\/de\/wp-json\/wp\/v2\/posts"}],"about":[{"href":"https:\/\/korvalaanen.fi\/de\/wp-json\/wp\/v2\/types\/post"}],"author":[{"embeddable":true,"href":"https:\/\/korvalaanen.fi\/de\/wp-json\/wp\/v2\/users\/8"}],"replies":[{"embeddable":true,"href":"https:\/\/korvalaanen.fi\/de\/wp-json\/wp\/v2\/comments?post=3605"}],"version-history":[{"count":1,"href":"https:\/\/korvalaanen.fi\/de\/wp-json\/wp\/v2\/posts\/3605\/revisions"}],"predecessor-version":[{"id":3609,"href":"https:\/\/korvalaanen.fi\/de\/wp-json\/wp\/v2\/posts\/3605\/revisions\/3609"}],"wp:featuredmedia":[{"embeddable":true,"href":"https:\/\/korvalaanen.fi\/de\/wp-json\/wp\/v2\/media\/3606"}],"wp:attachment":[{"href":"https:\/\/korvalaanen.fi\/de\/wp-json\/wp\/v2\/media?parent=3605"}],"wp:term":[{"taxonomy":"category","embeddable":true,"href":"https:\/\/korvalaanen.fi\/de\/wp-json\/wp\/v2\/categories?post=3605"},{"taxonomy":"post_tag","embeddable":true,"href":"https:\/\/korvalaanen.fi\/de\/wp-json\/wp\/v2\/tags?post=3605"}],"curies":[{"name":"wp","href":"https:\/\/api.w.org\/{rel}","templated":true}]}}