{"id":3610,"date":"2025-07-20T10:42:53","date_gmt":"2025-07-20T07:42:53","guid":{"rendered":"https:\/\/korvalaanen.fi\/?p=3610"},"modified":"2025-07-28T10:49:25","modified_gmt":"2025-07-28T07:49:25","slug":"pehtoori-aanessa","status":"publish","type":"post","link":"https:\/\/korvalaanen.fi\/de\/ajankohtaista\/pehtoori-aanessa\/","title":{"rendered":"Pehtoori \u00e4\u00e4ness\u00e4"},"content":{"rendered":"<p>Pirkanmaalta meid\u00e4t l\u00f6yt\u00e4\u00e4 my\u00f6s mm. Prismoista, Juustoporttin, pironpakari ja osasta citymarket ja k-supermarket valikoimista!<\/p>\n\n\n\n<p><a href=\"https:\/\/radiosun.fi\/2025\/07\/11\/lahes-kahdeksankymmenta-vuotta-jauhatusta-uusi-myllari-jatkaa-perinnetta\/\" target=\"_blank\" rel=\"noopener\" title=\"\">Kuuntele myll\u00e4rin haastattelu<\/a><\/p>\n\n\n\n<figure class=\"wp-block-embed is-type-wp-embed is-provider-radio-sun wp-block-embed-radio-sun\"><div class=\"wp-block-embed__wrapper\">\n<blockquote class=\"wp-embedded-content\" data-secret=\"zJjK4EOOMF\"><a href=\"https:\/\/radiosun.fi\/2025\/07\/11\/lahes-kahdeksankymmenta-vuotta-jauhatusta-uusi-myllari-jatkaa-perinnetta\/\">L\u00e4hes kahdeksankymment\u00e4 vuotta jauhatusta \u2013 uusi myll\u00e4ri jatkaa perinnett\u00e4<\/a><\/blockquote><iframe class=\"wp-embedded-content\" sandbox=\"allow-scripts\" security=\"restricted\" style=\"position: absolute; visibility: hidden;\" title=\"&#8221;L\u00e4hes kahdeksankymment\u00e4 vuotta jauhatusta \u2013 uusi myll\u00e4ri jatkaa perinnett\u00e4&#8221; &#8212; Radio SUN\" src=\"https:\/\/radiosun.fi\/2025\/07\/11\/lahes-kahdeksankymmenta-vuotta-jauhatusta-uusi-myllari-jatkaa-perinnetta\/embed\/#?secret=IWDr1LWdrU#?secret=zJjK4EOOMF\" data-secret=\"zJjK4EOOMF\" width=\"600\" height=\"338\" frameborder=\"0\" marginwidth=\"0\" marginheight=\"0\" scrolling=\"no\"><\/iframe>\n<\/div><\/figure>\n\n\n\n<p><\/p>","protected":false},"excerpt":{"rendered":"<p>Pirkanmaalta meid\u00e4t l\u00f6yt\u00e4\u00e4 my\u00f6s mm. Prismoista, Juustoporttin, pironpakari ja osasta [&hellip;]<\/p>\n","protected":false},"author":8,"featured_media":3611,"comment_status":"closed","ping_status":"closed","sticky":false,"template":"","format":"standard","meta":{"slim_seo":{"title":"Pehtoori \u00e4\u00e4ness\u00e4 - Korvalaanen","description":"Pirkanmaalta meid\u00e4t l\u00f6yt\u00e4\u00e4 my\u00f6s mm. Prismoista, Juustoporttin, pironpakari ja osasta citymarket ja k-supermarket valikoimista! Kuuntele myll\u00e4rin haastattelu htt"},"footnotes":""},"categories":[47],"tags":[],"class_list":["post-3610","post","type-post","status-publish","format-standard","has-post-thumbnail","hentry","category-ajankohtaista"],"_links":{"self":[{"href":"https:\/\/korvalaanen.fi\/de\/wp-json\/wp\/v2\/posts\/3610","targetHints":{"allow":["GET"]}}],"collection":[{"href":"https:\/\/korvalaanen.fi\/de\/wp-json\/wp\/v2\/posts"}],"about":[{"href":"https:\/\/korvalaanen.fi\/de\/wp-json\/wp\/v2\/types\/post"}],"author":[{"embeddable":true,"href":"https:\/\/korvalaanen.fi\/de\/wp-json\/wp\/v2\/users\/8"}],"replies":[{"embeddable":true,"href":"https:\/\/korvalaanen.fi\/de\/wp-json\/wp\/v2\/comments?post=3610"}],"version-history":[{"count":1,"href":"https:\/\/korvalaanen.fi\/de\/wp-json\/wp\/v2\/posts\/3610\/revisions"}],"predecessor-version":[{"id":3612,"href":"https:\/\/korvalaanen.fi\/de\/wp-json\/wp\/v2\/posts\/3610\/revisions\/3612"}],"wp:featuredmedia":[{"embeddable":true,"href":"https:\/\/korvalaanen.fi\/de\/wp-json\/wp\/v2\/media\/3611"}],"wp:attachment":[{"href":"https:\/\/korvalaanen.fi\/de\/wp-json\/wp\/v2\/media?parent=3610"}],"wp:term":[{"taxonomy":"category","embeddable":true,"href":"https:\/\/korvalaanen.fi\/de\/wp-json\/wp\/v2\/categories?post=3610"},{"taxonomy":"post_tag","embeddable":true,"href":"https:\/\/korvalaanen.fi\/de\/wp-json\/wp\/v2\/tags?post=3610"}],"curies":[{"name":"wp","href":"https:\/\/api.w.org\/{rel}","templated":true}]}}