{"id":3613,"date":"2025-07-19T10:52:59","date_gmt":"2025-07-19T07:52:59","guid":{"rendered":"https:\/\/korvalaanen.fi\/?p=3613"},"modified":"2025-07-28T10:54:34","modified_gmt":"2025-07-28T07:54:34","slug":"maaseudun-naisille-virkistavaa-toimintaa","status":"publish","type":"post","link":"https:\/\/korvalaanen.fi\/de\/ajankohtaista\/maaseudun-naisille-virkistavaa-toimintaa\/","title":{"rendered":"Maaseudun naisille virkist\u00e4v\u00e4\u00e4 toimintaa"},"content":{"rendered":"<p>Korvalaasen em\u00e4nt\u00e4 h\u00e4\u00e4r\u00e4\u00e4 Koskenkorvan Maaseutunaisten yhdistyksess\u00e4.<br>Koen t\u00e4rke\u00e4ksi asiaksi saada kyl\u00e4lle el\u00e4m\u00e4\u00e4 ja maaseudun naisille virkist\u00e4v\u00e4\u00e4 toimintaa. Maaseudun naisilla on mukavia hetki\u00e4 yhdess\u00e4 ja kuvassa onkin yksi ihana reissu viimme kes\u00e4lt\u00e4!<br>Sunnuntaina me tehd\u00e4\u00e4n yhdess\u00e4 koskenkorvalla ja pidet\u00e4\u00e4n kahvilaa, makkaranpaistoa ja leivonnaisten myynti\u00e4. Meid\u00e4n kanssa on my\u00f6s pihakirppis, johon on avoimia myyntipaikkohakin j\u00e4ljell\u00e4! Ai mihin\u00e4 me oomma? Moomma koskenkorvan keskustassa! Entisen pankin pihassa! Klo 12-15! Tuu s\u00e4kin tukemaan Maaseutunaisia ja kuulemaan syksyn 100v juhlasta! Havuselantie 1, koskenkorva<\/p>","protected":false},"excerpt":{"rendered":"<p>Korvalaasen em\u00e4nt\u00e4 h\u00e4\u00e4r\u00e4\u00e4 Koskenkorvan Maaseutunaisten yhdistyksess\u00e4.Koen t\u00e4rke\u00e4ksi asiaksi saada kyl\u00e4lle [&hellip;]<\/p>\n","protected":false},"author":8,"featured_media":3614,"comment_status":"closed","ping_status":"closed","sticky":false,"template":"","format":"standard","meta":{"slim_seo":{"title":"Maaseudun naisille virkist\u00e4v\u00e4\u00e4 toimintaa - Korvalaanen","description":"Korvalaasen em\u00e4nt\u00e4 h\u00e4\u00e4r\u00e4\u00e4 Koskenkorvan Maaseutunaisten yhdistyksess\u00e4. Koen t\u00e4rke\u00e4ksi asiaksi saada kyl\u00e4lle el\u00e4m\u00e4\u00e4 ja maaseudun naisille virkist\u00e4v\u00e4\u00e4 toimintaa. M"},"footnotes":""},"categories":[47],"tags":[],"class_list":["post-3613","post","type-post","status-publish","format-standard","has-post-thumbnail","hentry","category-ajankohtaista"],"_links":{"self":[{"href":"https:\/\/korvalaanen.fi\/de\/wp-json\/wp\/v2\/posts\/3613","targetHints":{"allow":["GET"]}}],"collection":[{"href":"https:\/\/korvalaanen.fi\/de\/wp-json\/wp\/v2\/posts"}],"about":[{"href":"https:\/\/korvalaanen.fi\/de\/wp-json\/wp\/v2\/types\/post"}],"author":[{"embeddable":true,"href":"https:\/\/korvalaanen.fi\/de\/wp-json\/wp\/v2\/users\/8"}],"replies":[{"embeddable":true,"href":"https:\/\/korvalaanen.fi\/de\/wp-json\/wp\/v2\/comments?post=3613"}],"version-history":[{"count":1,"href":"https:\/\/korvalaanen.fi\/de\/wp-json\/wp\/v2\/posts\/3613\/revisions"}],"predecessor-version":[{"id":3615,"href":"https:\/\/korvalaanen.fi\/de\/wp-json\/wp\/v2\/posts\/3613\/revisions\/3615"}],"wp:featuredmedia":[{"embeddable":true,"href":"https:\/\/korvalaanen.fi\/de\/wp-json\/wp\/v2\/media\/3614"}],"wp:attachment":[{"href":"https:\/\/korvalaanen.fi\/de\/wp-json\/wp\/v2\/media?parent=3613"}],"wp:term":[{"taxonomy":"category","embeddable":true,"href":"https:\/\/korvalaanen.fi\/de\/wp-json\/wp\/v2\/categories?post=3613"},{"taxonomy":"post_tag","embeddable":true,"href":"https:\/\/korvalaanen.fi\/de\/wp-json\/wp\/v2\/tags?post=3613"}],"curies":[{"name":"wp","href":"https:\/\/api.w.org\/{rel}","templated":true}]}}